{"id":873,"date":"2010-05-29T22:30:20","date_gmt":"2010-05-29T21:30:20","guid":{"rendered":"http:\/\/flavienneuvy.fr\/index.php\/2010\/05\/29\/le-bouclier-en-auvergne\/"},"modified":"2010-05-29T22:30:20","modified_gmt":"2010-05-29T21:30:20","slug":"le-bouclier-en-auvergne","status":"publish","type":"post","link":"https:\/\/flavienneuvy.fr\/index.php\/2010\/05\/29\/le-bouclier-en-auvergne\/","title":{"rendered":"Le bouclier en Auvergne !"},"content":{"rendered":"<p>&#0160;<br \/>\n<a href=\"http:\/\/cebazatpourdemain.typepad.fr\/.a\/6a00d834522be769e201348281b8e2970c-pi\" style=\"display: inline;\"><img decoding=\"async\" alt=\"Bouclier-brennus\" border=\"0\" class=\"asset asset-image at-xid-6a00d834522be769e201348281b8e2970c image-full \" src=\"http:\/\/cebazatpourdemain.typepad.fr\/.a\/6a00d834522be769e201348281b8e2970c-800wi\" title=\"Bouclier-brennus\" \/><\/a> <\/p>\n<div style=\"text-align: center;\">\n<p><a href=\"http:\/\/cebazatpourdemain.typepad.fr\/.a\/6a00d834522be769e20133ef5263e0970b-pi\" style=\"display: inline;\">&#0160;&#0160;&#0160; &#0160;&#0160;&#0160; &#0160;&#0160;&#0160; &#0160; &#0160; &#0160; &#0160; &#0160; &#0160; &#0160; &#0160; <img decoding=\"async\" alt=\"Logo_asm\" border=\"0\" class=\"asset asset-image at-xid-6a00d834522be769e20133ef5263e0970b \" src=\"http:\/\/cebazatpourdemain.typepad.fr\/.a\/6a00d834522be769e20133ef5263e0970b-800wi\" title=\"Logo_asm\" \/><\/a><\/p>\n<p style=\"text-align: left;\">Apr\u00e8s tant de d\u00e9sillusions, 2010 c&#39;est enfin la bonne ann\u00e9e. Le bouclier de Brennus est auvergnat ce soir pour la premi\u00e8re fois apr\u00e8s une tr\u00e8s belle victoire en finale du Top 14 face \u00e0 Perpignan 19-6<\/p>\n<p style=\"text-align: left;\">Que la victoire est belle ! C&#39;est la f\u00eate ce soir \u00e0 Clermont-Ferrand et dans toute l&#39;Auvergne.<\/p>\n<\/p><\/div>\n","protected":false},"excerpt":{"rendered":"<p>&#0160; &#0160;&#0160;&#0160; &#0160;&#0160;&#0160; &#0160;&#0160;&#0160; &#0160; &#0160; &#0160; &#0160; &#0160; &#0160; &#0160; &#0160; Apr\u00e8s tant de d\u00e9sillusions, 2010 c&#39;est enfin la bonne ann\u00e9e. Le bouclier de Brennus est auvergnat ce soir pour la premi\u00e8re fois apr\u00e8s une tr\u00e8s belle victoire en finale du Top 14 face \u00e0 Perpignan 19-6 Que la victoire est belle ! C&#39;est&nbsp;<\/p>\n<p><a class=\"btn btn-style\" href=\"https:\/\/flavienneuvy.fr\/index.php\/2010\/05\/29\/le-bouclier-en-auvergne\/\">Continuer la lecture&#8230;<\/a><\/p>\n","protected":false},"author":1,"featured_media":0,"comment_status":"open","ping_status":"open","sticky":false,"template":"","format":"standard","meta":[],"categories":[7],"tags":[],"_links":{"self":[{"href":"https:\/\/flavienneuvy.fr\/index.php\/wp-json\/wp\/v2\/posts\/873"}],"collection":[{"href":"https:\/\/flavienneuvy.fr\/index.php\/wp-json\/wp\/v2\/posts"}],"about":[{"href":"https:\/\/flavienneuvy.fr\/index.php\/wp-json\/wp\/v2\/types\/post"}],"author":[{"embeddable":true,"href":"https:\/\/flavienneuvy.fr\/index.php\/wp-json\/wp\/v2\/users\/1"}],"replies":[{"embeddable":true,"href":"https:\/\/flavienneuvy.fr\/index.php\/wp-json\/wp\/v2\/comments?post=873"}],"version-history":[{"count":0,"href":"https:\/\/flavienneuvy.fr\/index.php\/wp-json\/wp\/v2\/posts\/873\/revisions"}],"wp:attachment":[{"href":"https:\/\/flavienneuvy.fr\/index.php\/wp-json\/wp\/v2\/media?parent=873"}],"wp:term":[{"taxonomy":"category","embeddable":true,"href":"https:\/\/flavienneuvy.fr\/index.php\/wp-json\/wp\/v2\/categories?post=873"},{"taxonomy":"post_tag","embeddable":true,"href":"https:\/\/flavienneuvy.fr\/index.php\/wp-json\/wp\/v2\/tags?post=873"}],"curies":[{"name":"wp","href":"https:\/\/api.w.org\/{rel}","templated":true}]}}