{"id":926,"date":"2010-01-28T09:44:53","date_gmt":"2010-01-28T08:44:53","guid":{"rendered":"http:\/\/flavienneuvy.fr\/index.php\/2010\/01\/28\/les-ados-ne-dorment-pas-assez\/"},"modified":"2010-01-28T09:44:53","modified_gmt":"2010-01-28T08:44:53","slug":"les-ados-ne-dorment-pas-assez","status":"publish","type":"post","link":"https:\/\/flavienneuvy.fr\/index.php\/2010\/01\/28\/les-ados-ne-dorment-pas-assez\/","title":{"rendered":"Les ados ne dorment pas assez"},"content":{"rendered":"<p>Le Centre M\u00e9dical de la Columbia University aux \u00c9tats-Unis vient de r\u00e9aliser une grande \u00e9tude portant sur le sommeil de 15000 adolescents. Il en ressort des chiffres \u00e9tonnants : 46% des parents indiquent que leurs enfants ne se couchent pas avant 23 heures. La dur\u00e9e moyenne de sommeil est de 7h et 53 minutes ce qui est tr\u00e8s insuffisant \u00e0 cet \u00e2ge. Les dangers du manque de sommeil sont nombreux et connus : troubles du comportement, augmentation du risque de d\u00e9pression, des tendances suicidaires&#8230;<\/p>\n<p><strong>Bref : manque de sommeil = grand danger<\/strong>. <\/p>\n<p>Ce qui est bien s\u00fbr compliqu\u00e9, c&#39;est que cette p\u00e9riode de la vie correspond \u00e0 une p\u00e9riode durant laquelle les conflits avec les parents sont fr\u00e9quents. Il n&#39;est donc pas facile d&#39;imposer \u00e0 ces ados une heure stricte de coucher. Je n&#39;y suis pas encore confront\u00e9, mon grand gar\u00e7on n&#39;ayant que 10 ans, mais Il me semble pourtant que certains facteurs de risque peuvent \u00eatre \u00e9vit\u00e9s : fixer une heure de coucher d\u00e8s le plus jeune \u00e2ge, ne pas mettre de console de jeux dans les chambres, ne pas y mettre de t\u00e9l\u00e9viseur et fixer des r\u00e8gles pour l&#39;utilisation d&#39;un ordinateur. Respecter ces r\u00e8gles ne supprime pour autant pas tous les risques mais peut diminuer sensiblement ce probl\u00e8me qui est un probl\u00e8me de sant\u00e9 publique dont on ne parle pas assez.<\/p>\n<p>Pour en savoir plus lire <a href=\"http:\/\/www.zurbains.com\/dangers-manque-sommeil-ado_679A4D823471B2.html\">ici<\/a><\/p>\n<p>Flavien Neuvy<\/p>\n","protected":false},"excerpt":{"rendered":"<p>Le Centre M\u00e9dical de la Columbia University aux \u00c9tats-Unis vient de r\u00e9aliser une grande \u00e9tude portant sur le sommeil de 15000 adolescents. Il en ressort des chiffres \u00e9tonnants : 46% des parents indiquent que leurs enfants ne se couchent pas avant 23 heures. La dur\u00e9e moyenne de sommeil est de 7h et 53 minutes ce&nbsp;<\/p>\n<p><a class=\"btn btn-style\" href=\"https:\/\/flavienneuvy.fr\/index.php\/2010\/01\/28\/les-ados-ne-dorment-pas-assez\/\">Continuer la lecture&#8230;<\/a><\/p>\n","protected":false},"author":1,"featured_media":0,"comment_status":"open","ping_status":"open","sticky":false,"template":"","format":"standard","meta":[],"categories":[1],"tags":[],"_links":{"self":[{"href":"https:\/\/flavienneuvy.fr\/index.php\/wp-json\/wp\/v2\/posts\/926"}],"collection":[{"href":"https:\/\/flavienneuvy.fr\/index.php\/wp-json\/wp\/v2\/posts"}],"about":[{"href":"https:\/\/flavienneuvy.fr\/index.php\/wp-json\/wp\/v2\/types\/post"}],"author":[{"embeddable":true,"href":"https:\/\/flavienneuvy.fr\/index.php\/wp-json\/wp\/v2\/users\/1"}],"replies":[{"embeddable":true,"href":"https:\/\/flavienneuvy.fr\/index.php\/wp-json\/wp\/v2\/comments?post=926"}],"version-history":[{"count":0,"href":"https:\/\/flavienneuvy.fr\/index.php\/wp-json\/wp\/v2\/posts\/926\/revisions"}],"wp:attachment":[{"href":"https:\/\/flavienneuvy.fr\/index.php\/wp-json\/wp\/v2\/media?parent=926"}],"wp:term":[{"taxonomy":"category","embeddable":true,"href":"https:\/\/flavienneuvy.fr\/index.php\/wp-json\/wp\/v2\/categories?post=926"},{"taxonomy":"post_tag","embeddable":true,"href":"https:\/\/flavienneuvy.fr\/index.php\/wp-json\/wp\/v2\/tags?post=926"}],"curies":[{"name":"wp","href":"https:\/\/api.w.org\/{rel}","templated":true}]}}