{"id":928,"date":"2010-01-26T20:48:00","date_gmt":"2010-01-26T19:48:00","guid":{"rendered":"http:\/\/flavienneuvy.fr\/index.php\/2010\/01\/26\/les-regionales-lancees-en-auvergne\/"},"modified":"2010-01-26T20:48:00","modified_gmt":"2010-01-26T19:48:00","slug":"les-regionales-lancees-en-auvergne","status":"publish","type":"post","link":"https:\/\/flavienneuvy.fr\/index.php\/2010\/01\/26\/les-regionales-lancees-en-auvergne\/","title":{"rendered":"Les r\u00e9gionales lanc\u00e9es en Auvergne"},"content":{"rendered":"<p>Nous sommes \u00e0 moins de 45 jours du premier tour des \u00e9lections r\u00e9gionales et on peut dire que la campagne est enfin lanc\u00e9e, en Auvergne du moins. En effet, les listes sont toutes connues (ou presque) et la liste de la majorit\u00e9 pr\u00e9sidentielle a \u00e9t\u00e9 pr\u00e9sent\u00e9e lors d&#39;une grande r\u00e9union publique le samedi 23 janvier \u00e0 Clermont devant plus de 800 personnes. La liste du Puy de D\u00f4me \u00e9tait particuli\u00e8rement attendue et force est de constater qu&#39;elle a fi\u00e8re allure. Une \u00e9quipe rajeunie, renouvel\u00e9e et \u00e9quilibr\u00e9e avec de nombreux \u00e9lus d&#39;exp\u00e9rience.<\/p>\n<p>Blandine Rocca (8\u00e8me sur la liste) a pr\u00e9sent\u00e9 avec assurance et beaucoup de clart\u00e9 l&#39;ensemble des candidats. A noter les pr\u00e9sences du dynamique St\u00e9phane Lecarpentier (qui n&#39;a pas son pareil pour mener les campagnes \u00e9lectorales), de Jean-Pierre Brenas en 7\u00e8me position (le travail de terrain men\u00e9 depuis de longues ann\u00e9es \u00e0 Clermont est reconnu) <a href=\"http:\/\/www.jeannoeldelorme.com\/ext\/http:\/\/blog.jeanpierrebrenas.fr\/\">voir le blog de JP Brenas<\/a> , d&#39;Herv\u00e9 Prononce pr\u00e9sident du groupe Alternance r\u00e9publicaine au sein de Clermont Co candidat en 11\u00e8me position. <\/p>\n<p>A noter \u00e9galement la 3\u00e8 place de Fr\u00e9d\u00e9ric Bonnichon, maire de Ch\u00e2tel Guyon et la deuxi\u00e8me place de Marie-Th\u00e9r\u00e8se Sikora.<\/p>\n<p>Les deux ministres candidats Brice Hortefeux et Alain Marleix ont conclu cette r\u00e9union publique.<\/p>\n<p>Une \u00e9quipe est en place, la campagne peut commencer.<\/p>\n<p>Plus d&#39;information sur<a href=\"http:\/\/www.jeannoeldelorme.com\/\"> le site de JN Delorme<\/a><\/p>\n<p>Flavien Neuvy<\/p>\n<p><em><em><span style=\"font-size: 10pt;\"><span style=\"font-family: verdana,geneva;\"><\/span><\/span><\/em><\/em><strong><em><span style=\"font-size: 10pt;\"><span style=\"font-family: verdana,geneva;\"><\/span><\/span><\/em><\/strong><\/p>\n","protected":false},"excerpt":{"rendered":"<p>Nous sommes \u00e0 moins de 45 jours du premier tour des \u00e9lections r\u00e9gionales et on peut dire que la campagne est enfin lanc\u00e9e, en Auvergne du moins. En effet, les listes sont toutes connues (ou presque) et la liste de la majorit\u00e9 pr\u00e9sidentielle a \u00e9t\u00e9 pr\u00e9sent\u00e9e lors d&#39;une grande r\u00e9union publique le samedi 23 janvier&nbsp;<\/p>\n<p><a class=\"btn btn-style\" href=\"https:\/\/flavienneuvy.fr\/index.php\/2010\/01\/26\/les-regionales-lancees-en-auvergne\/\">Continuer la lecture&#8230;<\/a><\/p>\n","protected":false},"author":1,"featured_media":0,"comment_status":"open","ping_status":"open","sticky":false,"template":"","format":"standard","meta":[],"categories":[2],"tags":[],"_links":{"self":[{"href":"https:\/\/flavienneuvy.fr\/index.php\/wp-json\/wp\/v2\/posts\/928"}],"collection":[{"href":"https:\/\/flavienneuvy.fr\/index.php\/wp-json\/wp\/v2\/posts"}],"about":[{"href":"https:\/\/flavienneuvy.fr\/index.php\/wp-json\/wp\/v2\/types\/post"}],"author":[{"embeddable":true,"href":"https:\/\/flavienneuvy.fr\/index.php\/wp-json\/wp\/v2\/users\/1"}],"replies":[{"embeddable":true,"href":"https:\/\/flavienneuvy.fr\/index.php\/wp-json\/wp\/v2\/comments?post=928"}],"version-history":[{"count":0,"href":"https:\/\/flavienneuvy.fr\/index.php\/wp-json\/wp\/v2\/posts\/928\/revisions"}],"wp:attachment":[{"href":"https:\/\/flavienneuvy.fr\/index.php\/wp-json\/wp\/v2\/media?parent=928"}],"wp:term":[{"taxonomy":"category","embeddable":true,"href":"https:\/\/flavienneuvy.fr\/index.php\/wp-json\/wp\/v2\/categories?post=928"},{"taxonomy":"post_tag","embeddable":true,"href":"https:\/\/flavienneuvy.fr\/index.php\/wp-json\/wp\/v2\/tags?post=928"}],"curies":[{"name":"wp","href":"https:\/\/api.w.org\/{rel}","templated":true}]}}