{"id":930,"date":"2010-01-20T22:59:51","date_gmt":"2010-01-20T21:59:51","guid":{"rendered":"http:\/\/flavienneuvy.fr\/index.php\/2010\/01\/20\/les-retraites-sur-la-table-2\/"},"modified":"2010-01-20T22:59:51","modified_gmt":"2010-01-20T21:59:51","slug":"les-retraites-sur-la-table-2","status":"publish","type":"post","link":"https:\/\/flavienneuvy.fr\/index.php\/2010\/01\/20\/les-retraites-sur-la-table-2\/","title":{"rendered":"Les retraites sur la table"},"content":{"rendered":"<p>Les retraites seront de nouveau sur la table en 2010. Martine Aubry a surpris beaucoup de monde (moi le premier) en d\u00e9clarant dimanche dernier lors du grand jury de RTL qu&#39;elle \u00e9tait d&#39;accord pour discuter de l&#39;\u00e2ge de d\u00e9part \u00e0 la retraite. Lire&#0160;<a href=\"http:\/\/www.20minutes.fr\/article\/377864\/Economie-Reforme-des-retraites-pourquoi-Martine-Aubry-propose-de-supprimer-la-retraite-a-60-ans.php\">ici<\/a><\/p>\n<p>Une telle position d\u00e9stabilise et agace au PS. Henri Emmanuelli est mont\u00e9 au cr\u00e9neau (lire <a href=\"http:\/\/www.rtl.fr\/fiche\/5932155705\/henri-emmanuelli-toucher-a-la-retraite-a-60-ans-serait-un-tres-mauvais-symbole-video.html\">ici<\/a> ) et \u00e0 la gauche du PS on se pince pour y croire , le dogme de la retraite \u00e0 60 ans est sacr\u00e9, pas question d&#39;y toucher. Voir <a href=\"http:\/\/www.lefigaro.fr\/le-talk\/2010\/01\/19\/01021-20100119ARTFIG00593-olivier-besancenot-invite-du-talk-orange-le-figaro-.php\">ici<\/a> .<\/p>\n<p>Le sujet des retraites est un sujet que j&#39;ai souvent abord\u00e9 dans ce blog (lire&#0160;<a href=\"http:\/\/cebazatpourdemain.typepad.fr\/cebazatpourdemain\/2007\/09\/les-retraites-e.html\">ici<\/a> ,&#0160;<a href=\"http:\/\/cebazatpourdemain.typepad.fr\/cebazatpourdemain\/2006\/08\/les_retraites_l.html\">ici<\/a>&#0160; et&#0160;<a href=\"http:\/\/cebazatpourdemain.typepad.fr\/cebazatpourdemain\/2006\/08\/les_retraites_s.html\">ici<\/a> ) avec toujours le m\u00eame fil conducteur : pour sauver notre syst\u00e8me par r\u00e9partition il n&#39;y a pas d&#39;autre solution que de d\u00e9caler l&#39;\u00e2ge de d\u00e9part \u00e0 la retraite. De nombreux pays l&#39;ont fait (l&#39;Allemagne va passer \u00e0 67 ans) nous allons devoir le faire \u00e9galement. Autre imp\u00e9ratif : tenir compte de la p\u00e9nibilit\u00e9 du travail. <\/p>\n<p>Martine Aubry brise donc un tabou \u00e0 gauche, mieux vaut tard que jamais&#8230;Souvenons que le PS avait bataill\u00e9 contre la loi Fillon du 21 ao\u00fbt 2003. A l&#39;\u00e9poque, Fran\u00e7ois Fillon, ministre des Affaires sociales, avait courageusement men\u00e9 \u00e0 bien cette premi\u00e8re r\u00e9forme des retraites.<\/p>\n<p>Souvenons-nous \u00e9galement que le PS avait pris <span style=\"text-decoration: underline;\">l&#39;engagement<\/span> dans son projet pr\u00e9sidentiel de 2007 d&#39;abroger la loi Fillon&#8230;Lire <a href=\"http:\/\/projet.parti-socialiste.fr\/category\/le-texte-du-projet\/partie-ii-legalite-reelle\/\">ici (partie sur la solidarit\u00e9 entre les g\u00e9n\u00e9rations).<\/a><\/p>\n<p>Flavien Neuvy<\/p><\/p>\n","protected":false},"excerpt":{"rendered":"<p>Les retraites seront de nouveau sur la table en 2010. Martine Aubry a surpris beaucoup de monde (moi le premier) en d\u00e9clarant dimanche dernier lors du grand jury de RTL qu&#39;elle \u00e9tait d&#39;accord pour discuter de l&#39;\u00e2ge de d\u00e9part \u00e0 la retraite. Lire&#0160;ici Une telle position d\u00e9stabilise et agace au PS. Henri Emmanuelli est mont\u00e9&nbsp;<\/p>\n<p><a class=\"btn btn-style\" href=\"https:\/\/flavienneuvy.fr\/index.php\/2010\/01\/20\/les-retraites-sur-la-table-2\/\">Continuer la lecture&#8230;<\/a><\/p>\n","protected":false},"author":1,"featured_media":0,"comment_status":"open","ping_status":"open","sticky":false,"template":"","format":"standard","meta":[],"categories":[2],"tags":[],"_links":{"self":[{"href":"https:\/\/flavienneuvy.fr\/index.php\/wp-json\/wp\/v2\/posts\/930"}],"collection":[{"href":"https:\/\/flavienneuvy.fr\/index.php\/wp-json\/wp\/v2\/posts"}],"about":[{"href":"https:\/\/flavienneuvy.fr\/index.php\/wp-json\/wp\/v2\/types\/post"}],"author":[{"embeddable":true,"href":"https:\/\/flavienneuvy.fr\/index.php\/wp-json\/wp\/v2\/users\/1"}],"replies":[{"embeddable":true,"href":"https:\/\/flavienneuvy.fr\/index.php\/wp-json\/wp\/v2\/comments?post=930"}],"version-history":[{"count":0,"href":"https:\/\/flavienneuvy.fr\/index.php\/wp-json\/wp\/v2\/posts\/930\/revisions"}],"wp:attachment":[{"href":"https:\/\/flavienneuvy.fr\/index.php\/wp-json\/wp\/v2\/media?parent=930"}],"wp:term":[{"taxonomy":"category","embeddable":true,"href":"https:\/\/flavienneuvy.fr\/index.php\/wp-json\/wp\/v2\/categories?post=930"},{"taxonomy":"post_tag","embeddable":true,"href":"https:\/\/flavienneuvy.fr\/index.php\/wp-json\/wp\/v2\/tags?post=930"}],"curies":[{"name":"wp","href":"https:\/\/api.w.org\/{rel}","templated":true}]}}