{"id":931,"date":"2010-01-18T22:20:52","date_gmt":"2010-01-18T21:20:52","guid":{"rendered":"http:\/\/flavienneuvy.fr\/index.php\/2010\/01\/18\/vincent-peillon-sest-discredite\/"},"modified":"2010-01-18T22:20:52","modified_gmt":"2010-01-18T21:20:52","slug":"vincent-peillon-sest-discredite","status":"publish","type":"post","link":"https:\/\/flavienneuvy.fr\/index.php\/2010\/01\/18\/vincent-peillon-sest-discredite\/","title":{"rendered":"Vincent Peillon s&rsquo;est discr\u00e9dit\u00e9"},"content":{"rendered":"<p>Vex\u00e9 d&#39;avoir \u00e9t\u00e9 rel\u00e9gu\u00e9 en deuxi\u00e8me partie d&#39;\u00e9mission dans &quot;A vous de juger&quot;, Vincent Peillon a refus\u00e9 de venir participer \u00e0 l&#39;\u00e9mission et a pris soin de ne pas pr\u00e9venir France 2 pour \u00e9viter que la cha\u00eene ne lui trouve un rempla\u00e7ant. Pour justifier son coup <span style=\"text-decoration: line-through;\">d&#39;\u00e9clat<\/span> bas pr\u00e9m\u00e9dit\u00e9, VP a expliqu\u00e9 que le d\u00e9bat \u00e9tait &quot;indigne et inacceptable&quot;. Lire&#0160;<a href=\"http:\/\/www.lemonde.fr\/politique\/article\/2010\/01\/14\/debat-sur-l-identite-nationale-vincent-peillon-demande-la-demission-d-arlette-chabot_1291916_823448.html\">ici<\/a><\/p>\n<p>Martine Aubry a suivi de pr\u00e8s et a soutenu le d\u00e9put\u00e9 europ\u00e9en. Lire <a href=\"http:\/\/www.nordeclair.fr\/France-Monde\/France\/2010\/01\/16\/coup-d-eclat-de-peillon-aubry-affiche-so.shtml\">ici<\/a><\/p>\n<p> Alors pour r\u00e9sumer : Vincent Peillon ne supporte pas de ne pas \u00eatre en premi\u00e8re partie d&#39;\u00e9mission et de devoir parler apr\u00e8s Marine Le Pen, Vincent Peillon n&#39;avait pas tellement envie de d\u00e9battre avec Eric besson et, du coup, Vincent Peillon se r\u00e9fugie derri\u00e8re l&#39;excuse du d\u00e9bat &quot;indigne&quot;. Vincent Peillon n&#39;accepte pas la programmation de France 2. Peut-\u00eatre veut-il que les cha\u00eenes du service public le consultent avant de faire les programmes ? Quand on pense que ce m\u00eame Vincent Peillon et cette m\u00eame Martine Aubry ne cessent de se poser en &quot;d\u00e9fenseurs de la presse libre et ind\u00e9pendante&quot;. Risible.<\/p>\n<p>Flavien Neuvy<\/p>\n","protected":false},"excerpt":{"rendered":"<p>Vex\u00e9 d&#39;avoir \u00e9t\u00e9 rel\u00e9gu\u00e9 en deuxi\u00e8me partie d&#39;\u00e9mission dans &quot;A vous de juger&quot;, Vincent Peillon a refus\u00e9 de venir participer \u00e0 l&#39;\u00e9mission et a pris soin de ne pas pr\u00e9venir France 2 pour \u00e9viter que la cha\u00eene ne lui trouve un rempla\u00e7ant. Pour justifier son coup d&#39;\u00e9clat bas pr\u00e9m\u00e9dit\u00e9, VP a expliqu\u00e9 que le d\u00e9bat&nbsp;<\/p>\n<p><a class=\"btn btn-style\" href=\"https:\/\/flavienneuvy.fr\/index.php\/2010\/01\/18\/vincent-peillon-sest-discredite\/\">Continuer la lecture&#8230;<\/a><\/p>\n","protected":false},"author":1,"featured_media":0,"comment_status":"open","ping_status":"open","sticky":false,"template":"","format":"standard","meta":[],"categories":[2],"tags":[],"_links":{"self":[{"href":"https:\/\/flavienneuvy.fr\/index.php\/wp-json\/wp\/v2\/posts\/931"}],"collection":[{"href":"https:\/\/flavienneuvy.fr\/index.php\/wp-json\/wp\/v2\/posts"}],"about":[{"href":"https:\/\/flavienneuvy.fr\/index.php\/wp-json\/wp\/v2\/types\/post"}],"author":[{"embeddable":true,"href":"https:\/\/flavienneuvy.fr\/index.php\/wp-json\/wp\/v2\/users\/1"}],"replies":[{"embeddable":true,"href":"https:\/\/flavienneuvy.fr\/index.php\/wp-json\/wp\/v2\/comments?post=931"}],"version-history":[{"count":0,"href":"https:\/\/flavienneuvy.fr\/index.php\/wp-json\/wp\/v2\/posts\/931\/revisions"}],"wp:attachment":[{"href":"https:\/\/flavienneuvy.fr\/index.php\/wp-json\/wp\/v2\/media?parent=931"}],"wp:term":[{"taxonomy":"category","embeddable":true,"href":"https:\/\/flavienneuvy.fr\/index.php\/wp-json\/wp\/v2\/categories?post=931"},{"taxonomy":"post_tag","embeddable":true,"href":"https:\/\/flavienneuvy.fr\/index.php\/wp-json\/wp\/v2\/tags?post=931"}],"curies":[{"name":"wp","href":"https:\/\/api.w.org\/{rel}","templated":true}]}}