{"id":932,"date":"2010-01-12T22:59:31","date_gmt":"2010-01-12T21:59:31","guid":{"rendered":"http:\/\/flavienneuvy.fr\/index.php\/2010\/01\/12\/accorder-le-droit-de-vote-aux-etrangers\/"},"modified":"2010-01-12T22:59:31","modified_gmt":"2010-01-12T21:59:31","slug":"accorder-le-droit-de-vote-aux-etrangers","status":"publish","type":"post","link":"https:\/\/flavienneuvy.fr\/index.php\/2010\/01\/12\/accorder-le-droit-de-vote-aux-etrangers\/","title":{"rendered":"Accorder le droit de vote aux \u00e9trangers ?"},"content":{"rendered":"<p>Le d\u00e9bat rebondit depuis quelques jours. Ce fut d&#39;abord Eric Besson qui,<br \/>\n&quot;\u00e0 titre personnel&quot;, s&#39;est d\u00e9clar\u00e9 favorable au droit de vote des \u00e9trangers.<br \/>\nLire&#0160;<a href=\"http:\/\/tempsreel.nouvelobs.com\/actualites\/societe\/20100112.OBS3378\/besson_pour_le_vote_des_etrangers_dans_dix_ans.html\">ici<\/a><o:p><\/o:p><\/p>\n<p>Martine Aubry a profit\u00e9 de ses v\u0153ux pour faire une annonce incroyable : le<br \/>\nPS va d\u00e9poser une proposition de loi afin d&#39;accorder le droit de vote aux<br \/>\n\u00e9trangers. Je dis qu&#39;il s&#39;agit d&#39;une annonce incroyable car c&#39;est une id\u00e9e qui<br \/>\na&#8230;30 ans. Et oui : elle faisait partie des fameuses 110 propositions du<br \/>\ncandidat Fran\u00e7ois Mitterrand pour les \u00e9lections de 1981&#8230;Du <span style=\"text-decoration: line-through;\">p\u00e9rim\u00e9<\/span> r\u00e9chauff\u00e9 donc. <\/p>\n<p>Lire <a href=\"http:\/\/www.lours.org\/default.asp?pid=307\">la proposition<br \/>\n80<\/a> <o:p><\/o:p><\/p>\n<p>Depuis, les socialistes sont rest\u00e9s 15 ans au pouvoir (pouvoir l\u00e9gislatif) et<br \/>\nils n&#39;ont rien fait. En r\u00e9alit\u00e9, les socialistes sont volontaristes quand ils<br \/>\nne sont pas au pouvoir.Lire <a href=\"http:\/\/www.lefigaro.fr\/politique\/2010\/01\/13\/01002-20100113ARTFIG00059-vote-des-etrangers-aubry-tentede-diviser-la-droite-.php\">ici<\/a>&#0160;<o:p><\/o:p><\/p>\n<p>Alors que penser de ce d\u00e9bat ? Faut-il accorder le droit de vote aux<br \/>\n\u00e9trangers et donc le droit d&#39;\u00e9ligibilit\u00e9 (l&#39;un ne va pas sans l&#39;autre) ? Les<br \/>\nd\u00e9fenseurs de cette id\u00e9e proposent d&#39;accorder le droit de vote aux \u00e9lections<br \/>\nmunicipales. Premi\u00e8re question : pourquoi aux seules \u00e9lections locales ?<br \/>\nPourquoi parmi ceux qui sont favorables au droit de vote des \u00e9trangers certains veulent le<br \/>\nlimiter aux seules \u00e9lections locales (d&#39;autres sont favorables au droit de vote total) ? Si parmi les lecteurs de ce blog il y en<br \/>\na qui peuvent m&#39;expliquer ce point, je suis preneur d&#39;une discussion.<o:p><\/o:p><\/p>\n<p>Ensuite le principal argument avanc\u00e9 par ces m\u00eames personnes est d&#39;expliquer<br \/>\nqu&#39;\u00e0 partir du moment o\u00f9 les \u00e9trangers paient leurs imp\u00f4ts en France, ils<br \/>\ndevraient avoir le droit de d\u00e9signer leurs \u00e9lus. Ah bon ? Payer des<br \/>\nimp\u00f4ts=droit de vote ? Pour m\u00e9moire, notre r\u00e9publique fonctionne sur le principe simple du peuple souverain. C&#39;est le peuple fran\u00e7ais qui d\u00e9signe par le vote ses repr\u00e9sentants. Accorder le droit de vote aux \u00e9trangers c&#39;est abandonner une partie de cette souverainet\u00e9. Ce n&#39;est pas possible. Alors on pourrait objecter que les Europ\u00e9ens membres de l&#39;UE peuvent d&#39;ores et d\u00e9j\u00e0 voter et se pr\u00e9senter aux \u00e9lections municipales. Alors pourquoi pas les autres ? Deux r\u00e9ponses : d&#39;abord nous avons un espace commun et des r\u00e8gles communes avec les pays des \u00e9trangers concern\u00e9s par ce droit de vote et ensuite il y a un principe de r\u00e9ciprocit\u00e9. Si un Portugais habitant en France peut voter pour les \u00e9lections municipales (et europ\u00e9ennes), l&#39;inverse est \u00e9galement vrai : un Fran\u00e7ais peut voter aux m\u00eames \u00e9lections au Portugal.<\/p>\n<p>Je suis donc d\u00e9favorable au droit de vote pour les \u00e9trangers. Ayant habit\u00e9 longtemps \u00e0 l&#39;\u00e9tranger avec mes parents, il ne nous est pas venu \u00e0 l&#39;esprit une seconde de nous m\u00ealer de la politique men\u00e9e par les gouvernements des pays dans lesquels nous habitions. Cela ne nous regardait pas et il \u00e9tait bien naturel de ne pas nous occuper des affaires int\u00e9rieures de ces pays m\u00eame si mes parents payaient leurs imp\u00f4ts sur place. D&#39;ailleurs les rares Fran\u00e7ais qui ont tent\u00e9 de franchir la ligne jaune ont tous \u00e9t\u00e9 expuls\u00e9s manu militari.<\/p>\n<p>Flavien Neuvy<br \/><o:p><\/o:p><\/p>\n","protected":false},"excerpt":{"rendered":"<p>Le d\u00e9bat rebondit depuis quelques jours. Ce fut d&#39;abord Eric Besson qui, &quot;\u00e0 titre personnel&quot;, s&#39;est d\u00e9clar\u00e9 favorable au droit de vote des \u00e9trangers. Lire&#0160;ici Martine Aubry a profit\u00e9 de ses v\u0153ux pour faire une annonce incroyable : le PS va d\u00e9poser une proposition de loi afin d&#39;accorder le droit de vote aux \u00e9trangers. Je&nbsp;<\/p>\n<p><a class=\"btn btn-style\" href=\"https:\/\/flavienneuvy.fr\/index.php\/2010\/01\/12\/accorder-le-droit-de-vote-aux-etrangers\/\">Continuer la lecture&#8230;<\/a><\/p>\n","protected":false},"author":1,"featured_media":0,"comment_status":"open","ping_status":"open","sticky":false,"template":"","format":"standard","meta":[],"categories":[2],"tags":[],"_links":{"self":[{"href":"https:\/\/flavienneuvy.fr\/index.php\/wp-json\/wp\/v2\/posts\/932"}],"collection":[{"href":"https:\/\/flavienneuvy.fr\/index.php\/wp-json\/wp\/v2\/posts"}],"about":[{"href":"https:\/\/flavienneuvy.fr\/index.php\/wp-json\/wp\/v2\/types\/post"}],"author":[{"embeddable":true,"href":"https:\/\/flavienneuvy.fr\/index.php\/wp-json\/wp\/v2\/users\/1"}],"replies":[{"embeddable":true,"href":"https:\/\/flavienneuvy.fr\/index.php\/wp-json\/wp\/v2\/comments?post=932"}],"version-history":[{"count":0,"href":"https:\/\/flavienneuvy.fr\/index.php\/wp-json\/wp\/v2\/posts\/932\/revisions"}],"wp:attachment":[{"href":"https:\/\/flavienneuvy.fr\/index.php\/wp-json\/wp\/v2\/media?parent=932"}],"wp:term":[{"taxonomy":"category","embeddable":true,"href":"https:\/\/flavienneuvy.fr\/index.php\/wp-json\/wp\/v2\/categories?post=932"},{"taxonomy":"post_tag","embeddable":true,"href":"https:\/\/flavienneuvy.fr\/index.php\/wp-json\/wp\/v2\/tags?post=932"}],"curies":[{"name":"wp","href":"https:\/\/api.w.org\/{rel}","templated":true}]}}